{"id":448,"date":"2015-05-26T16:08:18","date_gmt":"2015-05-26T20:08:18","guid":{"rendered":"http:\/\/lifeinwinter.ca\/?p=448"},"modified":"2015-05-26T16:08:18","modified_gmt":"2015-05-26T20:08:18","slug":"life-in-winter-to-play-the-montreal-folk-fest-on-the-canal","status":"publish","type":"post","link":"https:\/\/lifeinwinter.ca\/?p=448","title":{"rendered":"Life in Winter to play The Montr\u00e9al Folk Fest on the Canal!"},"content":{"rendered":"<p>We are very happy to announce that we will be playing at The Montr\u00e9al Folk Fest on the Canal this year a day before the summer solstice!<\/p>\n<p>Nous sommes tr\u00e8s heureux d&#8217;annoncer que nous allons jouer au Montr\u00e9al Festival Folk sur le Canal cette ann\u00e9e un jour avant le solstice d&#8217;\u00e9t\u00e9!<\/p>\n<p>Here are the details\/voici les d\u00e9tails:<\/p>\n<p>Saturday, June 20, 2015, 2pm<br \/>\nSamedi le 20 Juin, 2015, 14h<br \/>\nEsplanade du Centenaire- Canal Lachine (Saint-Patrick and\/et Pitt)<br \/>\nFREE\/GRATUIT<br \/>\n<a href=\"http:\/\/montrealfolkfest.com\/\" target=\"_blank\" rel=\"nofollow nofollow\">http:\/\/<wbr><\/wbr>montrealfolkfest.com\/<br \/>\n<\/a><a href=\"https:\/\/goo.gl\/maps\/t6Z9o\" target=\"_blank\" rel=\"nofollow nofollow\">https:\/\/goo.gl\/maps\/t6Z9o<\/a><\/p>\n<div>\u00a0<span class=\"text_exposed_show\"><br \/>\nBring your families and\/or friends and spend the day with us and many other talented acts.<\/span><\/div>\n<p>Apportez vos familles et\/ou des amis et passer la journ\u00e9e avec nous et de nombreuses autres actes talentueux.<\/p>\n<p>Here is the schedule\/voici l&#8217;horaire:<\/p>\n<p>2pm\/14h \u2013 Life in Winter<br \/>\n3pm\/15h \u2013 The Bombadils<br \/>\n4pm\/16h \u2013 Jesse Mac Cormack<br \/>\n5pm\/17h \u2013 Sin and Swoon<br \/>\n6pm\/18h \u2013 Michael Hurley<br \/>\n7pm\/19h \u2013 The Stray Birds<br \/>\n8pm\/20h \u2013 Basia Bulat<\/p>\n","protected":false},"excerpt":{"rendered":"<p>We are very happy to announce that we will be playing at The Montr\u00e9al Folk Fest on the Canal this year a day before the summer solstice! Nous sommes tr\u00e8s heureux d&#8217;annoncer que nous allons jouer au Montr\u00e9al Festival Folk &hellip; <a href=\"https:\/\/lifeinwinter.ca\/?p=448\">Continue reading <span class=\"meta-nav\">&rarr;<\/span><\/a><\/p>\n","protected":false},"author":1,"featured_media":0,"comment_status":"closed","ping_status":"open","sticky":false,"template":"","format":"standard","meta":{"footnotes":""},"categories":[4],"tags":[],"class_list":["post-448","post","type-post","status-publish","format-standard","hentry","category-news"],"_links":{"self":[{"href":"https:\/\/lifeinwinter.ca\/index.php?rest_route=\/wp\/v2\/posts\/448","targetHints":{"allow":["GET"]}}],"collection":[{"href":"https:\/\/lifeinwinter.ca\/index.php?rest_route=\/wp\/v2\/posts"}],"about":[{"href":"https:\/\/lifeinwinter.ca\/index.php?rest_route=\/wp\/v2\/types\/post"}],"author":[{"embeddable":true,"href":"https:\/\/lifeinwinter.ca\/index.php?rest_route=\/wp\/v2\/users\/1"}],"replies":[{"embeddable":true,"href":"https:\/\/lifeinwinter.ca\/index.php?rest_route=%2Fwp%2Fv2%2Fcomments&post=448"}],"version-history":[{"count":2,"href":"https:\/\/lifeinwinter.ca\/index.php?rest_route=\/wp\/v2\/posts\/448\/revisions"}],"predecessor-version":[{"id":450,"href":"https:\/\/lifeinwinter.ca\/index.php?rest_route=\/wp\/v2\/posts\/448\/revisions\/450"}],"wp:attachment":[{"href":"https:\/\/lifeinwinter.ca\/index.php?rest_route=%2Fwp%2Fv2%2Fmedia&parent=448"}],"wp:term":[{"taxonomy":"category","embeddable":true,"href":"https:\/\/lifeinwinter.ca\/index.php?rest_route=%2Fwp%2Fv2%2Fcategories&post=448"},{"taxonomy":"post_tag","embeddable":true,"href":"https:\/\/lifeinwinter.ca\/index.php?rest_route=%2Fwp%2Fv2%2Ftags&post=448"}],"curies":[{"name":"wp","href":"https:\/\/api.w.org\/{rel}","templated":true}]}}