{"id":375,"date":"2014-05-21T15:56:10","date_gmt":"2014-05-21T19:56:10","guid":{"rendered":"http:\/\/lifeinwinter.ca\/?p=375"},"modified":"2014-05-21T15:56:10","modified_gmt":"2014-05-21T19:56:10","slug":"spring-show-at-quai-des-brumes","status":"publish","type":"post","link":"https:\/\/lifeinwinter.ca\/?p=375","title":{"rendered":"Spring Show at Quai des Brumes"},"content":{"rendered":"<h1 id=\"yui_3_16_0_1_1400701338708_4616\" class=\"yiv4813053621null\" style=\"font-weight: bold; color: #606060;\"><\/h1>\n<p id=\"yui_3_16_0_1_1400701338708_4600\" style=\"color: #606060;\"><span id=\"yui_3_16_0_1_1400701338708_4615\" style=\"font-family: Arial, sans-serif; color: #000000;\"><em id=\"yui_3_16_0_1_1400701338708_4614\" style=\"font-style: italic;\">(Fran\u00e7ais en dessous)<\/em>\u00a0<\/span><\/p>\n<p><span style=\"color: #000000;\">What a long winter! Don&#8217;t get me wrong, I love winter, but that one just didn&#8217;t want to end. Well, it&#8217;s spring and\u00a0I&#8217;m writing new songs\u00a0(yeah!)\u00a0I&#8217;m also applying for funding to record a new album\u00a0and Life in Winter has it&#8217;s first show of the season, this Friday&#8230;<\/span><\/p>\n<hr id=\"yui_3_16_0_1_1400701338708_4620\" style=\"color: #000000;\" \/>\n<h5 class=\"yiv4813053621null\" style=\"font-weight: bold; color: #606060;\"><span id=\"yui_3_16_0_1_1400701338708_4621\" style=\"color: #000000;\">Indie Montr\u00e9al presents&#8230;<\/span><\/h5>\n<h5><span style=\"color: #000000;\"><strong id=\"yui_3_16_0_1_1400701338708_4623\" style=\"font-weight: bold;\">THE RIVER &amp; THE ROAD + LIFE IN WINTER<\/strong><\/span><\/h5>\n<h5><span style=\"color: #000000;\"><strong style=\"font-weight: bold;\">Friday, May 23, 2014<br \/>\n<\/strong>9pm doors.<\/span><br \/>\n<strong style=\"font-weight: bold;\">Quai des Brumes<\/strong>\u00a0(<a id=\"yui_3_16_0_1_1400701338708_4626\" style=\"color: #6dc6dd;\" href=\"http:\/\/goo.gl\/maps\/Q6yzl\" target=\"_blank\" rel=\"nofollow\"><span id=\"yui_3_16_0_1_1400701338708_4625\" lang=\"zxx\"><span id=\"yui_3_16_0_1_1400701338708_4624\" style=\"text-decoration: underline;\">4481 Saint-Denis<\/span><\/span><\/a><span id=\"yui_3_16_0_1_1400701338708_4627\">)<br \/>\n$8 in advance, $10 at the door.<br \/>\n<a style=\"color: #6dc6dd;\" href=\"http:\/\/indiemontreal.ca\/the-river-the-road-guest-montreal\/\" target=\"_blank\" rel=\"nofollow\">Tickets\/info<\/a><\/span><\/h5>\n<h5>THE RIVER &amp; THE ROAD (Folk\/Rock | Vancouver, BC)<br \/>\n<a style=\"color: #6dc6dd;\" href=\"http:\/\/theriverandtheroad.com\/\" target=\"_blank\" rel=\"nofollow\">theriverandtheroad.com<\/a><br \/>\n<a style=\"color: #6dc6dd;\" href=\"http:\/\/theriverandtheroad.bandcamp.com\/\" target=\"_blank\" rel=\"nofollow\">theriverandtheroad.bandcamp.com<\/a><\/h5>\n<h5 class=\"yiv4813053621null\" style=\"font-weight: bold; color: #606060;\"><span style=\"color: #000000;\">Facebook Event:<\/span><br \/>\n<a style=\"color: #6dc6dd;\" href=\"https:\/\/www.facebook.com\/events\/1432960316959791\/\" target=\"_blank\" rel=\"nofollow\">https:\/\/www.facebook.com\/events\/1432960316959791\/<\/a><\/h5>\n<h4 style=\"color: #606060;\"><\/h4>\n<hr style=\"color: #000000;\" \/>\n<p style=\"color: #606060;\"><span style=\"color: #000000;\"><em style=\"font-style: italic;\">(Fran\u00e7ais)<\/em><\/span><\/p>\n<p><span style=\"color: #000000;\">C&#8217;\u00e9tait un hiver long! Ne vous m\u00e9prenez pas, j&#8217;aime l&#8217;hiver, mais que la derni\u00e8re ne voulais pas finir. Eh bien, c&#8217;est le printemps et je \u00e9crire de nouvelles chansons (yeah!) J&#8217;\u00e9cris aussi des demandes de financement pour faire un nouvel album et Life in Winter a son premier spectacle de la saison, ce vendredi&#8230;<\/span><\/p>\n<hr style=\"color: #000000;\" \/>\n<h5><span style=\"color: #000000;\">Indie Montr\u00e9al pr\u00e9sente&#8230;<\/span><\/h5>\n<p><span style=\"color: #000000;\"><strong id=\"yui_3_16_0_1_1400701338708_4673\" style=\"font-weight: bold;\">THE RIVER &amp; THE ROAD + LIFE IN WINTER<\/strong><\/span><\/p>\n<p><span style=\"color: #000000;\"><strong style=\"font-weight: bold;\">Vendredi le 23\u00a0Mai, 2014<br \/>\n<\/strong><\/span><strong id=\"yui_3_16_0_1_1400701338708_4680\" style=\"font-weight: bold;\"><span id=\"yui_3_16_0_1_1400701338708_4679\"><span style=\"color: #000000;\">Portes \u00e0 21h.<\/span><br \/>\n<\/span><\/strong><span style=\"color: #000000;\"><strong style=\"font-weight: bold;\">Quai des Brumes<\/strong>\u00a0<\/span>(<a style=\"color: #6dc6dd;\" href=\"http:\/\/goo.gl\/maps\/Q6yzl\" target=\"_blank\" rel=\"nofollow\"><span lang=\"zxx\"><span style=\"text-decoration: underline;\">4481 Saint-Denis<\/span><\/span><\/a>)<br \/>\n<span style=\"color: #000000;\">$8 \u00e0 l\u00e0vance, $10 \u00e0 la porte.<\/span><br \/>\n<a style=\"color: #6dc6dd;\" href=\"http:\/\/indiemontreal.ca\/fr\/the-river-the-road-guest-montreal\/\" target=\"_blank\" rel=\"nofollow\">Billets\/info<\/a><\/p>\n<p><span style=\"color: #000000;\">THE RIVER &amp; THE ROAD (Folk\/Rock | Vancouver, BC)<\/span><br \/>\n<a id=\"yui_3_16_0_1_1400701338708_4684\" style=\"color: #6dc6dd;\" href=\"http:\/\/theriverandtheroad.com\/\" target=\"_blank\" rel=\"nofollow\">theriverandtheroad.com<\/a><br \/>\n<a id=\"yui_3_16_0_1_1400701338708_4683\" style=\"color: #6dc6dd;\" href=\"http:\/\/theriverandtheroad.bandcamp.com\/\" target=\"_blank\" rel=\"nofollow\">theriverandtheroad.bandcamp.com<\/a><\/p>\n<h5 id=\"yui_3_16_0_1_1400701338708_4670\" class=\"yiv4813053621null\" style=\"font-weight: bold; color: #606060;\"><span id=\"yui_3_16_0_1_1400701338708_4681\">\u00c9v\u00e9nement Facebook:<\/span><br \/>\n<a id=\"yui_3_16_0_1_1400701338708_4682\" style=\"color: #6dc6dd;\" href=\"https:\/\/www.facebook.com\/events\/1432960316959791\/\" target=\"_blank\" rel=\"nofollow\">https:\/\/www.facebook.com\/events\/1432960316959791\/<\/a><\/h5>\n<p>&nbsp;<\/p>\n","protected":false},"excerpt":{"rendered":"<p>(Fran\u00e7ais en dessous)\u00a0 What a long winter! Don&#8217;t get me wrong, I love winter, but that one just didn&#8217;t want to end. Well, it&#8217;s spring and\u00a0I&#8217;m writing new songs\u00a0(yeah!)\u00a0I&#8217;m also applying for funding to record a new album\u00a0and Life in &hellip; <a href=\"https:\/\/lifeinwinter.ca\/?p=375\">Continue reading <span class=\"meta-nav\">&rarr;<\/span><\/a><\/p>\n","protected":false},"author":1,"featured_media":376,"comment_status":"closed","ping_status":"open","sticky":false,"template":"","format":"standard","meta":{"footnotes":""},"categories":[4],"tags":[],"class_list":["post-375","post","type-post","status-publish","format-standard","has-post-thumbnail","hentry","category-news"],"_links":{"self":[{"href":"https:\/\/lifeinwinter.ca\/index.php?rest_route=\/wp\/v2\/posts\/375","targetHints":{"allow":["GET"]}}],"collection":[{"href":"https:\/\/lifeinwinter.ca\/index.php?rest_route=\/wp\/v2\/posts"}],"about":[{"href":"https:\/\/lifeinwinter.ca\/index.php?rest_route=\/wp\/v2\/types\/post"}],"author":[{"embeddable":true,"href":"https:\/\/lifeinwinter.ca\/index.php?rest_route=\/wp\/v2\/users\/1"}],"replies":[{"embeddable":true,"href":"https:\/\/lifeinwinter.ca\/index.php?rest_route=%2Fwp%2Fv2%2Fcomments&post=375"}],"version-history":[{"count":8,"href":"https:\/\/lifeinwinter.ca\/index.php?rest_route=\/wp\/v2\/posts\/375\/revisions"}],"predecessor-version":[{"id":384,"href":"https:\/\/lifeinwinter.ca\/index.php?rest_route=\/wp\/v2\/posts\/375\/revisions\/384"}],"wp:featuredmedia":[{"embeddable":true,"href":"https:\/\/lifeinwinter.ca\/index.php?rest_route=\/wp\/v2\/media\/376"}],"wp:attachment":[{"href":"https:\/\/lifeinwinter.ca\/index.php?rest_route=%2Fwp%2Fv2%2Fmedia&parent=375"}],"wp:term":[{"taxonomy":"category","embeddable":true,"href":"https:\/\/lifeinwinter.ca\/index.php?rest_route=%2Fwp%2Fv2%2Fcategories&post=375"},{"taxonomy":"post_tag","embeddable":true,"href":"https:\/\/lifeinwinter.ca\/index.php?rest_route=%2Fwp%2Fv2%2Ftags&post=375"}],"curies":[{"name":"wp","href":"https:\/\/api.w.org\/{rel}","templated":true}]}}