{"id":251,"date":"2012-10-25T13:20:12","date_gmt":"2012-10-25T17:20:12","guid":{"rendered":"http:\/\/lifeinwinter.ca\/?p=251"},"modified":"2012-10-25T13:20:12","modified_gmt":"2012-10-25T17:20:12","slug":"life-in-winter-cd-launch","status":"publish","type":"post","link":"https:\/\/lifeinwinter.ca\/?p=251","title":{"rendered":"Life in Winter CD Launch!"},"content":{"rendered":"<h3>Life in Winter CD Launch with Ohara!<\/h3>\n<p>Monday, October 29, 2012<br \/>\n9pm, free<br \/>\nCasa del Popolo (4873 St-Laurent)<\/p>\n<p>Come celebrate the launch of Life in Winter&#8217;s self-titled debut album!<br \/>\nWe&#8217;ll be playing the album from top to bottom and getting festive. Hope to see you there!<\/p>\n<p>Opening act:<\/p>\n<p>Ohara<br \/>\n<a href=\"http:\/\/www.ohara.bandcamp.com\/\" rel=\"nofollow\" target=\"_blank\">www.ohara.bandcamp.com<\/a><br \/>\n<a href=\"http:\/\/www.oharahale.com\/\" rel=\"nofollow\" target=\"_blank\">www.oharahale.com<\/a><\/p>\n<p>Facebook Event:<br \/>\n<a href=\"http:\/\/www.facebook.com\/events\/378939768852659\/\" rel=\"nofollow\" target=\"_blank\">www.facebook.com\/events\/378939768852659\/<\/a><\/p>\n<p>Websites:<br \/>\n<a href=\"http:\/\/www.lifeinwinter.ca\/\" rel=\"nofollow\" target=\"_blank\">www.lifeinwinter.ca<\/a><br \/>\n<a href=\"http:\/\/www.lifeinwinter.bandcamp.com\/\" rel=\"nofollow\" target=\"_blank\">www.lifeinwinter.bandcamp.com<\/a><br \/>\n<a href=\"http:\/\/www.facebook.com\/LifeinWinter\" rel=\"nofollow\" target=\"_blank\">www.facebook.com\/LifeinWinter<\/a><br \/>\n<a href=\"http:\/\/www.twitter.com\/LifeinWinter\" rel=\"nofollow\" target=\"_blank\">www.twitter.com\/LifeinWinter<\/a><br \/>\n<a href=\"http:\/\/www.sonicbids.com\/LifeinWinter\" rel=\"nofollow\" target=\"_blank\">www.sonicbids.com\/LifeinWinter<\/a><\/p>\n<hr \/>\n<h3>Life in Winter Lancement du Disque avec Ohara!<\/h3>\n<p>lundi le 29 octobre, 2012<br \/>\n21:00, gratuit<br \/>\nCasa del Popolo (4873 St-Laurent)<\/p>\n<p>Venez c\u00e9l\u00e9brer le lancement de Life in Winter, notre premier album (\u00e9ponyme)! Nous allons jouer l&#8217;album en entier et faire la f\u00eate. J&#8217;esp\u00e8re de vous y voir!<\/p>\n<p>Premi\u00e8re partie:<\/p>\n<p>Ohara<br \/>\n<a href=\"http:\/\/www.ohara.bandcamp.com\/\" rel=\"nofollow\" target=\"_blank\">www.ohara.bandcamp.com<\/a><br \/>\n<a href=\"http:\/\/www.oharahale.com\/\" rel=\"nofollow\" target=\"_blank\">www.oharahale.com<\/a><\/p>\n<p>\u00c9v\u00e9nement sur Facebook:<br \/>\n<a href=\"http:\/\/www.facebook.com\/events\/378939768852659\/\" rel=\"nofollow\" target=\"_blank\">www.facebook.com\/events\/378939768852659\/<\/a><\/p>\n<p>Sites Web:<br \/>\n<a href=\"http:\/\/www.lifeinwinter.ca\/\" rel=\"nofollow\" target=\"_blank\">www.lifeinwinter.ca<\/a><br \/>\n<a href=\"http:\/\/www.lifeinwinter.bandcamp.com\/\" rel=\"nofollow\" target=\"_blank\">www.lifeinwinter.bandcamp.com<\/a><br \/>\n<a href=\"http:\/\/www.facebook.com\/LifeinWinter\" rel=\"nofollow\" target=\"_blank\">www.facebook.com\/LifeinWinter<\/a><br \/>\n<a href=\"http:\/\/www.twitter.com\/LifeinWinter\" rel=\"nofollow\" target=\"_blank\">www.twitter.com\/LifeinWinter<\/a><br \/>\n<a href=\"http:\/\/www.sonicbids.com\/LifeinWinter\" rel=\"nofollow\" target=\"_blank\">www.sonicbids.com\/LifeinWinter<\/a><\/p>\n<hr \/>\n","protected":false},"excerpt":{"rendered":"<p>Life in Winter CD Launch with Ohara! Monday, October 29, 2012 9pm, free Casa del Popolo (4873 St-Laurent) Come celebrate the launch of Life in Winter&#8217;s self-titled debut album! We&#8217;ll be playing the album from top to bottom and getting &hellip; <a href=\"https:\/\/lifeinwinter.ca\/?p=251\">Continue reading <span class=\"meta-nav\">&rarr;<\/span><\/a><\/p>\n","protected":false},"author":1,"featured_media":252,"comment_status":"open","ping_status":"open","sticky":false,"template":"","format":"standard","meta":{"footnotes":""},"categories":[4],"tags":[],"class_list":["post-251","post","type-post","status-publish","format-standard","has-post-thumbnail","hentry","category-news"],"_links":{"self":[{"href":"https:\/\/lifeinwinter.ca\/index.php?rest_route=\/wp\/v2\/posts\/251","targetHints":{"allow":["GET"]}}],"collection":[{"href":"https:\/\/lifeinwinter.ca\/index.php?rest_route=\/wp\/v2\/posts"}],"about":[{"href":"https:\/\/lifeinwinter.ca\/index.php?rest_route=\/wp\/v2\/types\/post"}],"author":[{"embeddable":true,"href":"https:\/\/lifeinwinter.ca\/index.php?rest_route=\/wp\/v2\/users\/1"}],"replies":[{"embeddable":true,"href":"https:\/\/lifeinwinter.ca\/index.php?rest_route=%2Fwp%2Fv2%2Fcomments&post=251"}],"version-history":[{"count":8,"href":"https:\/\/lifeinwinter.ca\/index.php?rest_route=\/wp\/v2\/posts\/251\/revisions"}],"predecessor-version":[{"id":260,"href":"https:\/\/lifeinwinter.ca\/index.php?rest_route=\/wp\/v2\/posts\/251\/revisions\/260"}],"wp:featuredmedia":[{"embeddable":true,"href":"https:\/\/lifeinwinter.ca\/index.php?rest_route=\/wp\/v2\/media\/252"}],"wp:attachment":[{"href":"https:\/\/lifeinwinter.ca\/index.php?rest_route=%2Fwp%2Fv2%2Fmedia&parent=251"}],"wp:term":[{"taxonomy":"category","embeddable":true,"href":"https:\/\/lifeinwinter.ca\/index.php?rest_route=%2Fwp%2Fv2%2Fcategories&post=251"},{"taxonomy":"post_tag","embeddable":true,"href":"https:\/\/lifeinwinter.ca\/index.php?rest_route=%2Fwp%2Fv2%2Ftags&post=251"}],"curies":[{"name":"wp","href":"https:\/\/api.w.org\/{rel}","templated":true}]}}